{"id":1782,"date":"2022-08-30T10:29:07","date_gmt":"2022-08-30T09:29:07","guid":{"rendered":"https:\/\/www.tunisi.info\/la-tunisia-e-una-repubblica-presidenziale\/"},"modified":"2024-06-21T10:21:46","modified_gmt":"2024-06-21T09:21:46","slug":"la-tunisie-est-une-republique-presidentielle","status":"publish","type":"post","link":"https:\/\/www.tunisi.info\/fr\/culture\/la-tunisie-est-une-republique-presidentielle\/","title":{"rendered":"La Tunisie est une r\u00e9publique pr\u00e9sidentielle"},"content":{"rendered":"<p>La Tunisie est une R\u00e9publique pr\u00e9sidentielle. Le 25 juillet 2022, elle a \u00e9t\u00e9 appel\u00e9e aux urnes pour un r\u00e9f\u00e9rendum constitutionnel. Ce r\u00e9f\u00e9rendum a \u00e9t\u00e9 convoqu\u00e9 exactement un an apr\u00e8s la proclamation de l&#8217;\u00e9tat d&#8217;exception par le pr\u00e9sident tunisien Saied.<\/p>\n<p>Historiquement caract\u00e9ris\u00e9e par une affluence aux urnes constamment inf\u00e9rieure \u00e0 40%, cette fois encore, l&#8217;affluence aux bureaux de vote de la population tunisienne, qui compte environ 9,3 millions d&#8217;inscrits sur les listes \u00e9lectorales, n&#8217;a \u00e9t\u00e9 que de 30,5% des \u00e9lecteurs. Malgr\u00e9 cette faible participation, le r\u00e9f\u00e9rendum s&#8217;est conclu par une victoire \u00e9crasante de la R\u00e9publique pr\u00e9sidentielle avec m\u00eame 94,6% des voix en faveur.<\/p>\n<h2>Un peu d&#8217;histoire pr\u00e9alable<\/h2>\n<p>Caract\u00e9ris\u00e9e par une histoire plurimill\u00e9naire, la Tunisie, comme tous les \u00c9tats appartenant au <strong>Maghreb<\/strong> (Maroc, Alg\u00e9rie, Tunisie, Libye et Mauritanie), \u00e9tait initialement habit\u00e9e par des <strong>tribus berb\u00e8res, aujourd&#8217;hui Imazi\u0263en<\/strong> (litt\u00e9ralement <em>Hommes libres<\/em>).<\/p>\n<p>En faisant un bond en avant consid\u00e9rable, nous trouvons qu&#8217;en 814 les Ph\u00e9niciens ont fond\u00e9 <strong>Carthage<\/strong>, qui porte encore aujourd&#8217;hui son ancien nom de Carthage qui, techniquement, se trouve \u00e0 16 km de Tunis, mais <em>de facto<\/em> est un \u00e9l\u00e9gant quartier de la capitale riche en histoire, mus\u00e9es, jardins et galeries d&#8217;art, surplombant une mer magnifique.<\/p>\n<p>Apr\u00e8s les Guerres Puniques, la Tunisie est pass\u00e9e aux Romains, puis aux Byzantins, avant de tomber entre les mains des Arabes, qui ont fond\u00e9 en 670 celle qui est aujourd&#8217;hui connue sous le nom d&#8217;al-Qayrawan, islamisant les populations berb\u00e8res en 702 et donnant naissance aux califats. Dans la premi\u00e8re moiti\u00e9 du XIIe si\u00e8cle, nous retrouvons la domination c\u00f4ti\u00e8re du <strong>Royaume de Sicile<\/strong>, remplac\u00e9e d&#8217;abord par les Almohades (1159), puis par les Hafsides (du 1228 au XVIe si\u00e8cle), pour \u00eatre finalement supplant\u00e9e par les Turcs ottomans en 1574.<\/p>\n<p>En 1705, la dynastie Husseinide a \u00e9t\u00e9 fond\u00e9e, r\u00e9gnant comme <strong>Bey de Tunis jusqu&#8217;en 1957<\/strong>.<\/p>\n<p>Nous ne pouvons pas omettre les <strong>75 ans de colonialisme fran\u00e7ais<\/strong>, commenc\u00e9s le 12 mai 1881 avec l&#8217;invasion fran\u00e7aise et la signature du <strong>Trait\u00e9 du Bardo<\/strong>, qui a fait de la Tunisie un protectorat fran\u00e7ais, et se terminant le 31 juillet 1954 par un discours du Premier ministre fran\u00e7ais, suivi du <strong>20 mars 1956 par l&#8217;abolition d\u00e9finitive du Trait\u00e9 du Bardo<\/strong>.<\/p>\n<ul>\n<li>Le 3 ao\u00fbt 1956, le <strong>double r\u00e9gime<\/strong> (coranique et civil) est aboli d&#8217;abord dans les tribunaux puis dans les \u00e9coles.<\/li>\n<li>Le 13 ao\u00fbt 1956, le <strong>Code du statut personnel<\/strong> est adopt\u00e9, \u00e9mancipant les femmes :<\/li>\n<\/ul>\n<ol>\n<li>Interdiction de la polygamie ;<\/li>\n<li>\u00c9tablissement de l&#8217;\u00e2ge minimum et du consentement mutuel au mariage ;<\/li>\n<li>Abolition de l&#8217;obligation d&#8217;ob\u00e9issance de l&#8217;\u00e9pouse ;<\/li>\n<li>Remplacement du divorce par la r\u00e9pudiation.<\/li>\n<\/ol>\n<ul>\n<li>Le 25 juillet 1957, la <strong>R\u00e9publique tunisienne<\/strong> est proclam\u00e9e.<\/li>\n<li>Le 7 novembre 1987, par un coup d&#8217;\u00c9tat, Ben Ali renverse le pr\u00e9sident Bourguiba.<\/li>\n<li>Le 14 janvier 2011, Ben Ali d\u00e9missionne.<\/li>\n<li>Le 23 octobre 2011, apr\u00e8s des mois d&#8217;incertitudes, se tiennent les \u00e9lections pour l&#8217;Assembl\u00e9e constituante de Tunisie, qui donne naissance \u00e0 une nouvelle constitution (26 janvier 2014), suivie des premi\u00e8res \u00e9lections pr\u00e9sidentielles libres (26 octobre 2014).<\/li>\n<\/ul>\n<h2>\u00a0Ce qui change aujourd&#8217;hui<\/h2>\n<p>En Tunisie, depuis 2014, nous avons eu un syst\u00e8me parlementaire \u00e0 l&#8217;italienne.<\/p>\n<p>Soutenu par un tiers de la population, Kais Saied est consid\u00e9r\u00e9 par ses \u00e9lecteurs comme incorruptible par rapport aux partis politiques traditionnels, au point d&#8217;avoir re\u00e7u le feu vert pour l&#8217;instauration d&#8217;un <strong>pr\u00e9sidentialisme<\/strong> taill\u00e9 <em>ad hoc<\/em>, <strong>dans lequel le leader centralise l&#8217;ex\u00e9cutif<\/strong>, assist\u00e9 par <strong>un Premier ministre et des ministres<\/strong> nomm\u00e9s directement par lui (art. 101) et <strong>r\u00e9vocables \u00e0 tout moment<\/strong> (art. 102), <strong>sans la n\u00e9cessit\u00e9 de la confiance du Parlement<\/strong> (art. 116).<\/p>\n<p>\u00c9liminant tous les obstacles possibles \u00e0 l&#8217;action pr\u00e9sidentielle, nous sommes donc dans une phase de transition <strong>d&#8217;un gouvernement semi-pr\u00e9sidentiel \u00e0 un gouvernement hyper-pr\u00e9sidentiel<\/strong>, o\u00f9 selon cette nouvelle Constitution, Saied d\u00e9terminera \u201cles politiques g\u00e9n\u00e9rales de l&#8217;\u00c9tat et d\u00e9finira ses choix essentiels\u201d (art. 100), dictant des orientations et des choix que le gouvernement qu&#8217;il a lui-m\u00eame choisi devra ensuite mettre en \u0153uvre (art. 111).<\/p>\n<p><strong>Le pr\u00e9sident a le pouvoir d&#8217;initiative l\u00e9gislative et ses projets de loi ont la priorit\u00e9 dans le<\/strong> <em><strong>processus<\/strong><\/em> <strong>l\u00e9gislatif<\/strong> (art. 68) et un \u00e9l\u00e9ment nouveau est introduit : un Parlement bicam\u00e9ral, o\u00f9 l&#8217;Assembl\u00e9e des repr\u00e9sentants du peuple est compl\u00e9t\u00e9e par une Chambre haute, le Conseil national des r\u00e9gions et des provinces (art. 56), qui \u00e0 premi\u00e8re vue semble \u00eatre une tentative de d\u00e9centralisation du pouvoir, mais <em>de facto<\/em> un chapitre entier de la Constitution pr\u00e9c\u00e9dente dispara\u00eet (le septi\u00e8me chapitre de la Charte constitutionnelle de 2014) en faveur d&#8217;un seul article, qui renvoie tout \u00e0 la loi ordinaire (art. 133).<\/p>\n<p>En r\u00e9sum\u00e9, pour ceux qui ne sont pas particuli\u00e8rement familiers avec la terminologie juridique, nous pouvons dire que <strong>toute autre autorit\u00e9 possible a \u00e9t\u00e9 supprim\u00e9e ou transform\u00e9e en organes plac\u00e9s sous son contr\u00f4le direct, rapprochant le nouveau syst\u00e8me gouvernemental tunisien exceptionnellement pr\u00e8s d&#8217;une dictature pr\u00e9sidentielle.<\/strong><\/p>\n<p>Il en va de m\u00eame pour la la\u00efcit\u00e9 ambigu\u00eb de l&#8217;\u00c9tat maintenue jusqu&#8217;\u00e0 r\u00e9cemment, car dans le nouveau texte constitutionnel, on trouve que \u201cLa Tunisie fait partie de l&#8217;<em>Umma<\/em> <span class=\"katex\"><span class=\"katex-mathml\">communaute\u02cacommunaut\u00e9<\/span><span class=\"katex-html\" aria-hidden=\"true\"><span class=\"base\"><span class=\"mord mathnormal\">co<\/span><span class=\"mord mathnormal\">mm<\/span><span class=\"mord mathnormal\">u<\/span><span class=\"mord mathnormal\">na<\/span><span class=\"mord mathnormal\">u<\/span><span class=\"mord mathnormal\">t<\/span><span class=\"mord accent\"><span class=\"vlist-t\"><span class=\"vlist-r\"><span class=\"vlist\"><span class=\"mord mathnormal\">e<\/span><span class=\"accent-body\"><span class=\"mord\">\u02ca<\/span><\/span><\/span><\/span><\/span><\/span><\/span><\/span><\/span> islamique et l&#8217;\u00c9tat seul, dans le cadre d&#8217;un syst\u00e8me d\u00e9mocratique, doit \u0153uvrer pour r\u00e9aliser les <em>Maqasid<\/em> <span class=\"katex\"><span class=\"katex-mathml\">buts,objectifsbuts, objectifs<\/span><span class=\"katex-html\" aria-hidden=\"true\"><span class=\"base\"><span class=\"mord mathnormal\">b<\/span><span class=\"mord mathnormal\">u<\/span><span class=\"mord mathnormal\">t<\/span><span class=\"mord mathnormal\">s<\/span><span class=\"mpunct\">,<\/span><span class=\"mord mathnormal\">o<\/span><span class=\"mord mathnormal\">bj<\/span><span class=\"mord mathnormal\">ec<\/span><span class=\"mord mathnormal\">t<\/span><span class=\"mord mathnormal\">i<\/span><span class=\"mord mathnormal\">f<\/span><span class=\"mord mathnormal\">s<\/span><\/span><\/span><\/span> de l&#8217;Islam dans la pr\u00e9servation de la vie, de l&#8217;honneur, de la propri\u00e9t\u00e9, de la religion et de la libert\u00e9\u201d (art. 5).<\/p>\n<p>Cette Constitution, rappelons-le, est le fruit d&#8217;une &#8220;consultation publique&#8221; \u00e0 laquelle a particip\u00e9 7,5% des \u00e9lecteurs et dont est r\u00e9sult\u00e9 (peut-\u00eatre pas trop par hasard, vu la faible participation) un r\u00e9sultat conforme aux id\u00e9es et \u00e0 la vision pr\u00e9sidentielles. Malgr\u00e9 les nombreux organes impliqu\u00e9s dans sa r\u00e9daction du 19 mai 2022 au 30 juin, il n&#8217;est en r\u00e9alit\u00e9 pas clair qui a r\u00e9dig\u00e9 le texte final de cette Constitution. On suppose qu&#8217;il s&#8217;agit de Saied lui-m\u00eame ou d&#8217;un groupe restreint sous sa direction.<\/p>\n<p>Si la charte de 2014 avait \u00e9t\u00e9 caract\u00e9ris\u00e9e par une intervention directe de la population, cette nouvelle Constitution est manifestement n\u00e9e sous la direction directe de Saied. Nous verrons si ces choix seront r\u00e9ellement <strong>r\u00e9solutifs pour la crise \u00e9conomico-sociale<\/strong> dans laquelle ce magnifique pays se trouve actuellement. Une crise due \u00e0 la non-application de certaines dispositions de la Constitution pr\u00e9c\u00e9dente, mais aussi aux effets d&#8217;une pand\u00e9mie mondiale lourde, d&#8217;un ch\u00f4mage end\u00e9mique (surtout chez les jeunes) et d&#8217;une guerre en Ukraine qui n&#8217;a certainement pas am\u00e9lior\u00e9 la situation.<\/p>\n<p>Pour lire nos articles, <a href=\"https:\/\/www.tunisi.info\/blog-e-news\/\" target=\"_new\" rel=\"noreferrer noopener\">cliquez ici<\/a>.<\/p>\n","protected":false},"excerpt":{"rendered":"<p>Il 25 luglio 2022 la Tunisia ha votato tramite referendum un cambio di sistema governativo, passando da una Repubblica con un sistema parlamentare all&#8217;italiana (semi-presidenziale), ad una Repubblica iper-presidenziale, dove il potere e le politiche di stato sono accentrate in mano al leader.<\/p>\n","protected":false},"author":2,"featured_media":1783,"comment_status":"closed","ping_status":"open","sticky":false,"template":"","format":"standard","meta":{"footnotes":""},"categories":[332,340,356],"tags":[357,358,359,360,361,362,363,364],"class_list":["post-1782","post","type-post","status-publish","format-standard","has-post-thumbnail","hentry","category-culture","category-histoire","category-politique","tag-governo-fr","tag-parlamento-fr","tag-poteri-fr","tag-presidenzialismo-fr","tag-referendum-fr","tag-repubblica-fr","tag-repubblica-presidenziale-fr","tag-tunisia-fr"],"yoast_head":"<!-- This site is optimized with the Yoast SEO plugin v28.4 - https:\/\/yoast.com\/product\/yoast-seo-wordpress\/ -->\n<title>La Tunisie est une r\u00e9publique pr\u00e9sidentielle - Tunisi.info<\/title>\n<meta name=\"description\" content=\"25 juillet 2022 La Tunisie a vot\u00e9 pour un changement de gouvernement, passant d&#039;une R\u00e9publique semi-pr\u00e9sidentielle \u00e0 une R\u00e9publique hyper-pr\u00e9sidentielle\" \/>\n<meta name=\"robots\" content=\"index, follow, max-snippet:-1, max-image-preview:large, max-video-preview:-1\" \/>\n<link rel=\"canonical\" href=\"https:\/\/www.tunisi.info\/fr\/culture\/la-tunisie-est-une-republique-presidentielle\/\" \/>\n<meta property=\"og:locale\" content=\"fr_FR\" \/>\n<meta property=\"og:type\" content=\"article\" \/>\n<meta property=\"og:title\" content=\"La Tunisie est une r\u00e9publique pr\u00e9sidentielle - Tunisi.info\" \/>\n<meta property=\"og:description\" content=\"25 juillet 2022 La Tunisie a vot\u00e9 pour un changement de gouvernement, passant d&#039;une R\u00e9publique semi-pr\u00e9sidentielle \u00e0 une R\u00e9publique hyper-pr\u00e9sidentielle\" \/>\n<meta property=\"og:url\" content=\"https:\/\/www.tunisi.info\/fr\/culture\/la-tunisie-est-une-republique-presidentielle\/\" \/>\n<meta property=\"og:site_name\" content=\"Tunisi.info\" \/>\n<meta property=\"article:publisher\" content=\"https:\/\/www.facebook.com\/tunisi.informations\/\" \/>\n<meta property=\"article:author\" content=\"https:\/\/www.facebook.com\/tunisi.informations\/\" \/>\n<meta property=\"article:published_time\" content=\"2022-08-30T09:29:07+00:00\" \/>\n<meta property=\"article:modified_time\" content=\"2024-06-21T09:21:46+00:00\" \/>\n<meta property=\"og:image\" content=\"https:\/\/www.tunisi.info\/wp-content\/uploads\/2023\/01\/la-tunisia-e-una-repubblica-presidenziale.jpeg\" \/>\n\t<meta property=\"og:image:width\" content=\"1257\" \/>\n\t<meta property=\"og:image:height\" content=\"1718\" \/>\n\t<meta property=\"og:image:type\" content=\"image\/jpeg\" \/>\n<meta name=\"author\" content=\"Tunisi Info\" \/>\n<meta name=\"twitter:card\" content=\"summary_large_image\" \/>\n<meta name=\"twitter:label1\" content=\"\u00c9crit par\" \/>\n\t<meta name=\"twitter:data1\" content=\"Tunisi Info\" \/>\n\t<meta name=\"twitter:label2\" content=\"Dur\u00e9e de lecture estim\u00e9e\" \/>\n\t<meta name=\"twitter:data2\" content=\"6 minutes\" \/>\n<!-- \/ Yoast SEO plugin. -->","yoast_head_json":{"title":"La Tunisie est une r\u00e9publique pr\u00e9sidentielle - Tunisi.info","description":"25 juillet 2022 La Tunisie a vot\u00e9 pour un changement de gouvernement, passant d'une R\u00e9publique semi-pr\u00e9sidentielle \u00e0 une R\u00e9publique hyper-pr\u00e9sidentielle","robots":{"index":"index","follow":"follow","max-snippet":"max-snippet:-1","max-image-preview":"max-image-preview:large","max-video-preview":"max-video-preview:-1"},"canonical":"https:\/\/www.tunisi.info\/fr\/culture\/la-tunisie-est-une-republique-presidentielle\/","og_locale":"fr_FR","og_type":"article","og_title":"La Tunisie est une r\u00e9publique pr\u00e9sidentielle - Tunisi.info","og_description":"25 juillet 2022 La Tunisie a vot\u00e9 pour un changement de gouvernement, passant d'une R\u00e9publique semi-pr\u00e9sidentielle \u00e0 une R\u00e9publique hyper-pr\u00e9sidentielle","og_url":"https:\/\/www.tunisi.info\/fr\/culture\/la-tunisie-est-une-republique-presidentielle\/","og_site_name":"Tunisi.info","article_publisher":"https:\/\/www.facebook.com\/tunisi.informations\/","article_author":"https:\/\/www.facebook.com\/tunisi.informations\/","article_published_time":"2022-08-30T09:29:07+00:00","article_modified_time":"2024-06-21T09:21:46+00:00","og_image":[{"width":1257,"height":1718,"url":"https:\/\/www.tunisi.info\/wp-content\/uploads\/2023\/01\/la-tunisia-e-una-repubblica-presidenziale.jpeg","type":"image\/jpeg"}],"author":"Tunisi Info","twitter_card":"summary_large_image","twitter_misc":{"\u00c9crit par":"Tunisi Info","Dur\u00e9e de lecture estim\u00e9e":"6 minutes"},"schema":{"@context":"https:\/\/schema.org","@graph":[{"@type":"Article","@id":"https:\/\/www.tunisi.info\/fr\/culture\/la-tunisie-est-une-republique-presidentielle\/#article","isPartOf":{"@id":"https:\/\/www.tunisi.info\/fr\/culture\/la-tunisie-est-une-republique-presidentielle\/"},"author":{"name":"Tunisi Info","@id":"https:\/\/www.tunisi.info\/fr\/#\/schema\/person\/5011139a63a189cf2062195f799e594d"},"headline":"La Tunisie est une r\u00e9publique pr\u00e9sidentielle","datePublished":"2022-08-30T09:29:07+00:00","dateModified":"2024-06-21T09:21:46+00:00","mainEntityOfPage":{"@id":"https:\/\/www.tunisi.info\/fr\/culture\/la-tunisie-est-une-republique-presidentielle\/"},"wordCount":1170,"publisher":{"@id":"https:\/\/www.tunisi.info\/fr\/#\/schema\/person\/5011139a63a189cf2062195f799e594d"},"image":{"@id":"https:\/\/www.tunisi.info\/fr\/culture\/la-tunisie-est-une-republique-presidentielle\/#primaryimage"},"thumbnailUrl":"https:\/\/www.tunisi.info\/wp-content\/uploads\/2023\/01\/la-tunisia-e-una-repubblica-presidenziale.jpeg","keywords":["governo","parlamento","poteri","presidenzialismo","referendum","repubblica","repubblica presidenziale","tunisia"],"articleSection":["Culture","Histoire","Politique"],"inLanguage":"fr-FR"},{"@type":"WebPage","@id":"https:\/\/www.tunisi.info\/fr\/culture\/la-tunisie-est-une-republique-presidentielle\/","url":"https:\/\/www.tunisi.info\/fr\/culture\/la-tunisie-est-une-republique-presidentielle\/","name":"La Tunisie est une r\u00e9publique pr\u00e9sidentielle - Tunisi.info","isPartOf":{"@id":"https:\/\/www.tunisi.info\/fr\/#website"},"primaryImageOfPage":{"@id":"https:\/\/www.tunisi.info\/fr\/culture\/la-tunisie-est-une-republique-presidentielle\/#primaryimage"},"image":{"@id":"https:\/\/www.tunisi.info\/fr\/culture\/la-tunisie-est-une-republique-presidentielle\/#primaryimage"},"thumbnailUrl":"https:\/\/www.tunisi.info\/wp-content\/uploads\/2023\/01\/la-tunisia-e-una-repubblica-presidenziale.jpeg","datePublished":"2022-08-30T09:29:07+00:00","dateModified":"2024-06-21T09:21:46+00:00","description":"25 juillet 2022 La Tunisie a vot\u00e9 pour un changement de gouvernement, passant d'une R\u00e9publique semi-pr\u00e9sidentielle \u00e0 une R\u00e9publique hyper-pr\u00e9sidentielle","breadcrumb":{"@id":"https:\/\/www.tunisi.info\/fr\/culture\/la-tunisie-est-une-republique-presidentielle\/#breadcrumb"},"inLanguage":"fr-FR","potentialAction":[{"@type":"ReadAction","target":["https:\/\/www.tunisi.info\/fr\/culture\/la-tunisie-est-une-republique-presidentielle\/"]}]},{"@type":"ImageObject","inLanguage":"fr-FR","@id":"https:\/\/www.tunisi.info\/fr\/culture\/la-tunisie-est-une-republique-presidentielle\/#primaryimage","url":"https:\/\/www.tunisi.info\/wp-content\/uploads\/2023\/01\/la-tunisia-e-una-repubblica-presidenziale.jpeg","contentUrl":"https:\/\/www.tunisi.info\/wp-content\/uploads\/2023\/01\/la-tunisia-e-una-repubblica-presidenziale.jpeg","width":1257,"height":1718},{"@type":"BreadcrumbList","@id":"https:\/\/www.tunisi.info\/fr\/culture\/la-tunisie-est-une-republique-presidentielle\/#breadcrumb","itemListElement":[{"@type":"ListItem","position":1,"name":"Home","item":"https:\/\/www.tunisi.info\/fr\/"},{"@type":"ListItem","position":2,"name":"Culture","item":"https:\/\/www.tunisi.info\/fr\/category\/culture\/"},{"@type":"ListItem","position":3,"name":"La Tunisie est une r\u00e9publique pr\u00e9sidentielle"}]},{"@type":"WebSite","@id":"https:\/\/www.tunisi.info\/fr\/#website","url":"https:\/\/www.tunisi.info\/fr\/","name":"Tunisi.info","description":"","publisher":{"@id":"https:\/\/www.tunisi.info\/fr\/#\/schema\/person\/5011139a63a189cf2062195f799e594d"},"potentialAction":[{"@type":"SearchAction","target":{"@type":"EntryPoint","urlTemplate":"https:\/\/www.tunisi.info\/fr\/?s={search_term_string}"},"query-input":{"@type":"PropertyValueSpecification","valueRequired":true,"valueName":"search_term_string"}}],"inLanguage":"fr-FR"},{"@type":["Person","Organization"],"@id":"https:\/\/www.tunisi.info\/fr\/#\/schema\/person\/5011139a63a189cf2062195f799e594d","name":"Tunisi Info","image":{"@type":"ImageObject","inLanguage":"fr-FR","@id":"https:\/\/www.tunisi.info\/wp-content\/uploads\/2024\/02\/cropped-cropped-cropped-logo_tunisi.info_con_cammelo_e_bandiera_stilizzato_tunisi_tunisia-removebg-1.png","url":"https:\/\/www.tunisi.info\/wp-content\/uploads\/2024\/02\/cropped-cropped-cropped-logo_tunisi.info_con_cammelo_e_bandiera_stilizzato_tunisi_tunisia-removebg-1.png","contentUrl":"https:\/\/www.tunisi.info\/wp-content\/uploads\/2024\/02\/cropped-cropped-cropped-logo_tunisi.info_con_cammelo_e_bandiera_stilizzato_tunisi_tunisia-removebg-1.png","width":512,"height":358,"caption":"Tunisi Info"},"logo":{"@id":"https:\/\/www.tunisi.info\/wp-content\/uploads\/2024\/02\/cropped-cropped-cropped-logo_tunisi.info_con_cammelo_e_bandiera_stilizzato_tunisi_tunisia-removebg-1.png"},"sameAs":["https:\/\/www.facebook.com\/tunisi.informations\/"],"url":"https:\/\/www.tunisi.info\/fr\/author\/tunisi-info\/"}]}},"_links":{"self":[{"href":"https:\/\/www.tunisi.info\/fr\/wp-json\/wp\/v2\/posts\/1782","targetHints":{"allow":["GET"]}}],"collection":[{"href":"https:\/\/www.tunisi.info\/fr\/wp-json\/wp\/v2\/posts"}],"about":[{"href":"https:\/\/www.tunisi.info\/fr\/wp-json\/wp\/v2\/types\/post"}],"author":[{"embeddable":true,"href":"https:\/\/www.tunisi.info\/fr\/wp-json\/wp\/v2\/users\/2"}],"replies":[{"embeddable":true,"href":"https:\/\/www.tunisi.info\/fr\/wp-json\/wp\/v2\/comments?post=1782"}],"version-history":[{"count":2,"href":"https:\/\/www.tunisi.info\/fr\/wp-json\/wp\/v2\/posts\/1782\/revisions"}],"predecessor-version":[{"id":1786,"href":"https:\/\/www.tunisi.info\/fr\/wp-json\/wp\/v2\/posts\/1782\/revisions\/1786"}],"wp:featuredmedia":[{"embeddable":true,"href":"https:\/\/www.tunisi.info\/fr\/wp-json\/wp\/v2\/media\/1783"}],"wp:attachment":[{"href":"https:\/\/www.tunisi.info\/fr\/wp-json\/wp\/v2\/media?parent=1782"}],"wp:term":[{"taxonomy":"category","embeddable":true,"href":"https:\/\/www.tunisi.info\/fr\/wp-json\/wp\/v2\/categories?post=1782"},{"taxonomy":"post_tag","embeddable":true,"href":"https:\/\/www.tunisi.info\/fr\/wp-json\/wp\/v2\/tags?post=1782"}],"curies":[{"name":"wp","href":"https:\/\/api.w.org\/{rel}","templated":true}]}}